{"id":15722,"date":"2025-08-06T15:54:59","date_gmt":"2025-08-06T13:54:59","guid":{"rendered":"https:\/\/betterearth.partners\/?p=15722"},"modified":"2025-08-06T15:55:00","modified_gmt":"2025-08-06T13:55:00","slug":"klimaschutzmassnahmen-in-unternehmen-von-der-idee-zur-umsetzung","status":"publish","type":"post","link":"https:\/\/betterearth.partners\/de\/wissen\/klimaschutzmassnahmen-in-unternehmen-von-der-idee-zur-umsetzung\/","title":{"rendered":"Klimaschutzma\u00dfnahmen in Unternehmen: Von der Idee zur Umsetzung"},"content":{"rendered":"\n<p>Klimaziele lassen sich nicht durch Absichtserkl\u00e4rungen erreichen \u2013 sondern nur durch konkrete Ma\u00dfnahmen. Doch was gilt als effektive Ma\u00dfnahme? Und wie w\u00e4hlt man aus, wo man beginnt? Zwischen ambitionierten Klimazielen und tats\u00e4chlicher Emissionsreduktion klafft oft eine L\u00fccke. Deswegen zeigen wir in diesem Artikel, wie Unternehmen ihre Klimaschutzma\u00dfnahmen systematisch identifizieren, priorisieren und umsetzen k\u00f6nnen.<\/p>\n\n\n\n<p>Lesedauer: 15 Minuten<\/p>\n\n\n\n<div style=\"height:60px\" aria-hidden=\"true\" class=\"wp-block-spacer\"><\/div>\n\n\n\n<h2 class=\"wp-block-heading\"><strong>1. Woher kommen Klimaschutzma\u00dfnahmen?<\/strong><\/h2>\n\n\n\n<p>Klimaschutzma\u00dfnahmen entstehen nicht im luftleeren Raum. Sie leiten sich idealerweise direkt aus den gesetzten Klimazielen eines Unternehmens ab. Diese Ziele definieren, wie stark und bis wann Emissionen reduziert werden sollen \u2013 zum Beispiel im Einklang mit einem <strong>1,5-Grad-Pfad <\/strong>oder <strong>einer Netto-Null-Verpflichtung<\/strong>. Wenn Sie noch nicht Ihre Ambition durch ein Klimaziel festgelegt haben, empfehlen wir Ihnen zun\u00e4chst unseren Artikel: <a href=\"https:\/\/betterearth.partners\/de\/wissen\/effektive-klimastrategie-durch-wissenschaftsbasierte-klimaziele\/\">Effektive Klimastrategie durch Wissenschaftsbasierte Klimaziele<\/a>.<\/p>\n\n\n\n<p>Mit einem Klimaziel folgt der n\u00e4chste Schritt im Klimatransitionsplan und\/oder in der Dekarbonisierungsstrategie: Ma\u00dfnahmen zu verwirklichen, die zur Erreichung des Klimaziels beitragen k\u00f6nnen. In vielen Unternehmen gibt es bereits zahlreiche Ans\u00e4tze, die zur Emissionsminderung beitragen \u2013 oft jedoch unkoordiniert und fragmentiert:<\/p>\n\n\n\n<div style=\"height:30px\" aria-hidden=\"true\" class=\"wp-block-spacer\"><\/div>\n\n\n\n<h3 class=\"wp-block-heading\"><strong>Vorhandene Aktivit\u00e4ten erkennen<\/strong><\/h3>\n\n\n\n<ul class=\"wp-block-list\">\n<li>In der Produktion wird an <strong>Energieeffizienz<\/strong> gearbeitet.\n<ul class=\"wp-block-list\">\n<li><em>Beispiel:<\/em> In einem Maschinenbauunternehmen wurden alte Produktionsanlagen durch moderne, energieeffiziente Maschinen ersetzt, wodurch der Stromverbrauch pro Produkteinheit um 15\u202f% gesenkt werden konnte.<\/li>\n<\/ul>\n<\/li>\n\n\n\n<li>In der Beschaffung sind erste <strong>Nachhaltigkeitskriterien<\/strong> etabliert.\n<ul class=\"wp-block-list\">\n<li><em>Beispiel:<\/em> Ein Modeunternehmen verlangt von seinen Zulieferern inzwischen Nachweise \u00fcber die Verwendung umweltfreundlicher Materialien und bevorzugt Lieferanten mit anerkannten Umweltzertifizierungen.<\/li>\n<\/ul>\n<\/li>\n\n\n\n<li>In der Logistik wurden Pilotprojekte zur <strong>Emissionsreduktion<\/strong> gestartet.\n<ul class=\"wp-block-list\">\n<li><em>Beispiel:<\/em> Ein Einzelh\u00e4ndler testet in ausgew\u00e4hlten Regionen den Einsatz von E-Lieferfahrzeugen und plant, emissionsfreie letzte Meilen bis 2030 vollst\u00e4ndig einzuf\u00fchren.<\/li>\n<\/ul>\n<\/li>\n\n\n\n<li>Auch entlang der <strong>Lieferkette<\/strong> sind Lieferanten h\u00e4ufig schon aktiv. \n<ul class=\"wp-block-list\">\n<li><em>Beispiel:<\/em> Ein Zulieferer in der Elektronikbranche betreibt seine Fertigung bereits mit 100\u202f% \u00d6kostrom und hat eigene Programme zur Abfallvermeidung eingef\u00fchrt.<\/li>\n<\/ul>\n<\/li>\n<\/ul>\n\n\n\n<div style=\"height:30px\" aria-hidden=\"true\" class=\"wp-block-spacer\"><\/div>\n\n\n\n<h3 class=\"wp-block-heading\">Eines der gr\u00f6\u00dften Hindernisse beim systematischen Aufsetzen von Klimaschutzma\u00dfnahmen: fehlende Governance im Unternehmen<\/h3>\n\n\n\n<p>Die Hindernisse in der Praxis sind vielf\u00e4ltig, aber ein zentrales Problem vereint viele kleinere: die fehlende ESG-, Nachhaltigkeits- oder klimabezogene Governance im Unternehmen. <em>Governance<\/em> ist ein Begriff mit verschiedenen Bedeutungen. In diesem Kontext meinen wir vor allem <strong>klare Zust\u00e4ndigkeiten und Entscheidungsprozesse<\/strong>. Kurz gesagt: Klimastrategien brauchen eine Governance-Struktur, die folgende Aspekte regelt, um Ma\u00dfnahmen systematisch umzusetzen und Klimaziele tats\u00e4chlich zu erreichen:<\/p>\n\n\n\n<ul class=\"wp-block-list\">\n<li><mark style=\"background-color:rgba(0, 0, 0, 0)\" class=\"has-inline-color has-black-color\"><strong>Wer hat das Mandat<\/strong>, die Nachhaltigkeitsambition des Unternehmens festzulegen (z.\u202fB. sind wir bereit, f\u00fcr Nachhaltigkeit kurzfristig auf Gewinn zu verzichten)? <\/mark><\/li>\n\n\n\n<li><strong>Wer entscheidet<\/strong>, wie diese Ambition in konkrete Ziele und Ma\u00dfnahmen \u00fcberf\u00fchrt wird, also wie die \u00dcbersetzung von Prinzipien in Steuerungsgr\u00f6\u00dfen, Investitionskriterien und Prozesse erfolgt (z.\u202fB. l\u00e4ngere Amortisationszeitr\u00e4ume f\u00fcr Nachhaltigkeitsinvestitionen)?<\/li>\n\n\n\n<li><strong>Wer ist verantwortlich<\/strong> f\u00fcr die Erreichung der Nachhaltigkeitsziele, also wer \u00fcberwacht und bewerte die Wirksamkeit von Ma\u00dfnahmen (z.\u202fB. das Erreichen eines Klimaziels)?<\/li>\n\n\n\n<li><strong>Wer muss in Entscheidungen einbezogen werden \u2013 und wie?<\/strong> (z.\u202fB. wer wird informiert, wer hat ein Vetorecht?)<\/li>\n<\/ul>\n\n\n\n<p>Wenn diese Fragen durch eine funktionierende ESG-Governance beantwortet sind, wissen Abteilungen und Mitarbeitende, <strong>an wen sie sich beim Thema Klimama\u00dfnahmen wenden k\u00f6nnen<\/strong>, <strong>welche Themen priorisiert sind<\/strong> und <strong>wie der Freigabeprozess funktioniert<\/strong>. Das erleichtert es auch, Ma\u00dfnahmen aus unterschiedlichen Bereichen zusammenzuf\u00fchren. Fehlt diese Struktur, treten h\u00e4ufig folgende Probleme auf:<\/p>\n\n\n\n<ul class=\"wp-block-list\">\n<li><strong>Silodenken<\/strong>: Ma\u00dfnahmen entstehen in Fachabteilungen, werden aber nicht funktions\u00fcbergreifend weiterentwickelt.<\/li>\n\n\n\n<li><mark style=\"background-color:rgba(0, 0, 0, 0)\" class=\"has-inline-color has-black-color\"><strong>Mangel an strategischem Bezug<\/strong>: Es fehlt die Verbindung zwischen vorhandenen Aktivit\u00e4ten und den \u00fcbergeordneten Klimazielen.<\/mark><\/li>\n\n\n\n<li><strong>Unklare Entscheidungspfade<\/strong>: Gute Ideen oder Pilotprojekte verharren im Konzeptstatus, weil kein Rahmen f\u00fcr die Umsetzung existiert.<\/li>\n\n\n\n<li><strong>Un\u00fcbersichtlichkeit<\/strong>: Es gibt viele verstreute Einzelinitiativen, aber keinen strukturierten \u00dcberblick \u00fcber das gesamte Ma\u00dfnahmenpotenzial.<\/li>\n<\/ul>\n\n\n\n<div style=\"height:60px\" aria-hidden=\"true\" class=\"wp-block-spacer\"><\/div>\n\n\n\n<h2 class=\"wp-block-heading\"><strong>2. Welche Klimaschutzma\u00dfnahmen gibt es f\u00fcr Unternehmen?<\/strong><\/h2>\n\n\n\n<p>Klimaschutzma\u00dfnahmen in Unternehmen lassen sich nicht auf eine Checkliste reduzieren. Sie bewegen sich vielmehr entlang unterschiedlicher <strong>Handlungsr\u00e4ume<\/strong>, die <strong>strukturell, technologisch oder organisatorisch<\/strong> gepr\u00e4gt sind. Unsere Studie zum Thema <strong>Dekarbonisierungshandeln<\/strong>, in Kooperation mit der Stiftung KlimaWirtschaft, unterscheidet in ihrer Handlungsraumstudie vier zentrale Dimensionen, innerhalb derer Ma\u00dfnahmen greifen k\u00f6nnen \u2013 je nach Gesch\u00e4ftsmodell, Wertsch\u00f6pfung und Zielsetzung eines Unternehmens.<\/p>\n\n\n\n<figure class=\"wp-block-image size-large\"><img fetchpriority=\"high\" decoding=\"async\" width=\"1024\" height=\"576\" src=\"https:\/\/betterearth.partners\/wp-content\/uploads\/2025\/08\/Effektive-Massnahmen-Grafiken-4-1024x576.png\" alt=\"Handlungsfelder, auch Klimaschutzma\u00dfnahmen, f\u00fcr unternehmische Dekarbonisierung:\ntechnische Umstellung von Produktionsprozessen und Energieversorgung; Organisatorische und strategische Ma\u00dfnahmen: Ver\u00e4nderung des Produktportfolios; Enge Zusammenarbeit mit Partnern entlang der Wertsch\u00f6pfungskette \" class=\"wp-image-15873\" srcset=\"https:\/\/betterearth.partners\/wp-content\/uploads\/2025\/08\/Effektive-Massnahmen-Grafiken-4-1024x576.png 1024w, https:\/\/betterearth.partners\/wp-content\/uploads\/2025\/08\/Effektive-Massnahmen-Grafiken-4-300x169.png 300w, https:\/\/betterearth.partners\/wp-content\/uploads\/2025\/08\/Effektive-Massnahmen-Grafiken-4-768x432.png 768w, https:\/\/betterearth.partners\/wp-content\/uploads\/2025\/08\/Effektive-Massnahmen-Grafiken-4-1536x864.png 1536w, https:\/\/betterearth.partners\/wp-content\/uploads\/2025\/08\/Effektive-Massnahmen-Grafiken-4-18x10.png 18w, https:\/\/betterearth.partners\/wp-content\/uploads\/2025\/08\/Effektive-Massnahmen-Grafiken-4.png 1920w\" sizes=\"(max-width: 1024px) 100vw, 1024px\" \/><\/figure>\n\n\n\n<p>Zun\u00e4chst gibt es Ma\u00dfnahmen, die auf eine <strong>technische Umstellung von Produktionsprozessen und Energieversorgung<\/strong> abzielen. Hierzu z\u00e4hlen etwa der Umstieg auf elektrische Verfahren, die Nutzung erneuerbarer Energien, Effizienzsteigerungen oder neue Materialien. Solche Ma\u00dfnahmen wirken direkt auf die operativen Emissionen (Scope 1 und 2) und haben meist einen klar messbaren Effekt.<\/p>\n\n\n\n<p>Ein zweiter Handlungsraum liegt in der <strong>Ver\u00e4nderung des Produktportfolios<\/strong>: Unternehmen k\u00f6nnen ihre Emissionen reduzieren, indem sie Produkte entwickeln, die im Gebrauch oder in der Herstellung emissions\u00e4rmer sind \u2013 oder vollst\u00e4ndig neue Gesch\u00e4ftsmodelle anbieten, die auf Dekarbonisierung ausgerichtet sind. Solche Ma\u00dfnahmen beeinflussen nicht nur die eigene Bilanz, sondern auch Emissionen auf Kundenseite (Scope 3, Kategorie \u201eUse of Sold Products\u201c) und die f\u00fcr die Produkterstellung einzukaufenden Rohstoffe und Vorprodukte (Scope 3, Kategorie \u201ePurchased Goods and Services\u201c) <\/p>\n\n\n\n<p>Dar\u00fcber hinaus sind <strong>organisatorische Ma\u00dfnahmen<\/strong> von zentraler Bedeutung. Hierzu z\u00e4hlen etwa die Integration von CO\u2082-Kosten in Investitionsentscheidungen, die Einf\u00fchrung von Steuerungsinstrumenten wie internen CO\u2082-Preisen oder die Verankerung von Nachhaltigkeitskriterien in der Beschaffung. Diese Ma\u00dfnahmen erzeugen strukturelle Voraussetzungen, damit Klimaschutz langfristig im Unternehmen verankert wird.<\/p>\n\n\n\n<p>Nicht zuletzt erfordern viele Klimaschutzma\u00dfnahmen eine <strong>enge Zusammenarbeit mit Partnern entlang der Wertsch\u00f6pfungskette<\/strong> \u2013 insbesondere in Branchen mit hohen Scope-3-Emissionen. Ob es um Rohstoffgewinnung, Logistik oder Entsorgung geht: Nur durch Kooperationsmodelle mit Lieferanten, Dienstleistern oder auch Wettbewerbern lassen sich Emissionen systematisch reduzieren.<\/p>\n\n\n\n<p>Diese Ma\u00dfnahmen unterscheiden sich in Aufwand, Zeithorizont und Emissionswirksamkeit \u2013 und m\u00fcssen in einem Gesamtkontext bewertet werden. Eine ausf\u00fchrliche \u00dcbersicht m\u00f6glicher Ma\u00dfnahmen innerhalb dieser vier Handlungsr\u00e4ume finden Sie in der genannten Studie von Better Earth und Stiftung KlimaWirtschaft: <a href=\"https:\/\/betterearth.partners\/wp-content\/uploads\/2022\/06\/StiftungKlimaWirtschaft_Handlungsraumstudie.pdf\">StiftungKlimaWirtschaft_Handlungsraumstudie.pdf<\/a> (befindet sich auf der Better Earth Website Wissen Tab).<\/p>\n\n\n\n<div style=\"height:60px\" aria-hidden=\"true\" class=\"wp-block-spacer\"><\/div>\n\n\n\n<h2 class=\"wp-block-heading\">3. Was keine direkte Klimaschutzma\u00dfnahmen ist<\/h2>\n\n\n\n<p>Nicht alles, was auf den ersten Blick klimabezogen erscheint, z\u00e4hlt im engeren Sinne als <strong>Klimaschutzma\u00dfnahme<\/strong>. Eine wirkungsorientierte Klimastrategie braucht eine klare Abgrenzung: Was tr\u00e4gt direkt zur Emissionsreduktion bei \u2013 und was ist unterst\u00fctzend, kompensierend oder vorbereitend?<\/p>\n\n\n\n<div style=\"height:30px\" aria-hidden=\"true\" class=\"wp-block-spacer\"><\/div>\n\n\n\n<h3 class=\"wp-block-heading\"><strong>Carbon Removals (CO\u2082-Entnahmen)<\/strong><\/h3>\n\n\n\n<p>Ma\u00dfnahmen wie Aufforstung, Biochar oder Direct Air Capture sind zentrale Bausteine einer langfristigen Klimastrategie \u2013 insbesondere zur Neutralisierung unvermeidbarer Restemissionen. Sie gelten jedoch <strong>nicht als Reduktionsma\u00dfnahme<\/strong>, sondern als <strong>Entnahmema\u00dfnahme<\/strong>. Unternehmen sollten Removals nur erg\u00e4nzend zu echten Reduktionen einsetzen \u2013 und nicht als Ersatz. <\/p>\n\n\n\n<div style=\"height:30px\" aria-hidden=\"true\" class=\"wp-block-spacer\"><\/div>\n\n\n\n<h3 class=\"wp-block-heading\"><strong>Beyond Value Chain Mitigation (BVCM)<\/strong><\/h3>\n\n\n\n<p>Darunter fallen auch Klimaschutzaktivit\u00e4ten, die <strong>au\u00dferhalb der eigenen Wertsch\u00f6pfungskette<\/strong> stattfinden \u2013 etwa die Finanzierung von Waldschutzprojekten in anderen L\u00e4ndern. Auch wenn BVCM gesellschaftlich w\u00fcnschenswert ist, z\u00e4hlt es <strong>nicht zu den direkten unternehmensbezogenen Ma\u00dfnahmen<\/strong>, da es die eigenen Emissionen nicht ver\u00e4ndert.<\/p>\n\n\n\n<div style=\"height:30px\" aria-hidden=\"true\" class=\"wp-block-spacer\"><\/div>\n\n\n\n<h3 class=\"wp-block-heading\"><strong>Verbesserungen der Datengrundlage<\/strong><\/h3>\n\n\n\n<p>Das Verfeinern von Bilanzierungs- oder Monitoringmethoden (z.\u202fB. genauere Scope-3-Erfassung oder neue Tools) ist wichtig \u2013 aber <strong>keine Klimaschutzma\u00dfnahme im eigentlichen Sinne<\/strong>. Es verbessert die Entscheidungsgrundlage, reduziert aber keine Emissionen.<\/p>\n\n\n\n<div style=\"height:20px\" aria-hidden=\"true\" class=\"wp-block-spacer\"><\/div>\n\n\n\n<p><strong>Direkte Klimaschutzma\u00dfnahmen wirken auf die Emissionsbilanz des Unternehmens ein<\/strong> \u2013 durch Vermeidung, Reduktion oder Verlagerung in emissions\u00e4rmere Prozesse. Alles andere kann unterst\u00fctzend sein, ist aber <strong>nicht der Kern der Emissionsminderungspflicht<\/strong>. In vielen Rahmenwerken wird sogar explizit hervorgehoben, dass <strong>CO\u2082-Entnahmen und BVCM nicht direkt als Treibhausgasreduktionsma\u00dfnahmen z\u00e4hlen <\/strong>oder mit der THG-Reduktion kombiniert werden k\u00f6nnen. Au\u00dferdem wird in Rahmenwerken wie <strong>CSRD\/ESRS<\/strong> und <strong>SBTi<\/strong> betont, dass alle Metriken und Ziele nach \u00c4nderungen der Datengrundlage angepasst werden m\u00fcssen.<\/p>\n\n\n\n<div style=\"height:60px\" aria-hidden=\"true\" class=\"wp-block-spacer\"><\/div>\n\n\n\n<h2 class=\"wp-block-heading\">4. Welche Klimaschutzma\u00dfnahmen sind die richtigen f\u00fcr mein Unternehmen<\/h2>\n\n\n\n<p>Klimaschutzma\u00dfnahmen sind das Werkzeug, mit dem Unternehmen ihre Klimaziele erreichen. Deshalb gilt: Nicht jede Ma\u00dfnahme ist per se \u201egut\u201c, sondern nur im Verh\u00e4ltnis zu dem, was sie bewirken kann \u2013 bezogen auf die Ziele des Unternehmens, auf die Kosten und auf den Zeitpunkt der Umsetzung.<\/p>\n\n\n\n<p><strong>Ma\u00dfnahmen = Mittel zum Zweck, also zur Zielerreichung.<\/strong><\/p>\n\n\n\n<p>Ein wirksamer Klimaschutzplan beginnt deshalb immer mit dem Ziel: <em>Wie viele Emissionen sollen bis wann reduziert werden \u2013 und auf welchem Pfad?<\/em> Erst danach folgt die Frage, welche Ma\u00dfnahmen dieses Ziel <strong>technisch, wirtschaftlich und organisatorisch<\/strong> am sinnvollsten erm\u00f6glichen.<\/p>\n\n\n\n<div style=\"height:30px\" aria-hidden=\"true\" class=\"wp-block-spacer\"><\/div>\n\n\n\n<h3 class=\"wp-block-heading\">Emissions-Hotspot-Analyse als erster Schritt<\/h3>\n\n\n\n<p>Bevor entschieden wird, welche Ma\u00dfnahme die \u201erichtige\u201c ist, braucht es ein solides Verst\u00e4ndnis dar\u00fcber, <strong>wo<\/strong> im Unternehmen die Emissionen entstehen:<\/p>\n\n\n\n<ul class=\"wp-block-list\">\n<li>Welche Scopes dominieren?<\/li>\n\n\n\n<li>Gibt es einzelne Prozesse, Standorte oder Produkte mit besonders hoher Emissionslast?<\/li>\n\n\n\n<li>Welche Stufen der Wertsch\u00f6pfung sind besonders relevant \u2013 z.\u202fB. Produktion, Nutzung, Entsorgung?<\/li>\n<\/ul>\n\n\n\n<p>Diese Analyse hilft, gezielt <strong>Dekarbonisierungshebel<\/strong> zu identifizieren \u2013 also genau die Ma\u00dfnahmen, die eine <strong>wesentliche Auswirkung<\/strong> auf die Emissionsbilanz haben k\u00f6nnen. Ohne diesen Schritt entsteht h\u00e4ufig eine Ma\u00dfnahmenliste aus Bauchgef\u00fchl oder spontanen Ideen \u2013 die jedoch an den eigentlichen Emissionsschwerpunkten vorbeigehen kann.<\/p>\n\n\n\n<div style=\"height:30px\" aria-hidden=\"true\" class=\"wp-block-spacer\"><\/div>\n\n\n\n<h3 class=\"wp-block-heading\"><strong>Priorisierung von unternehmerischen Klimaschutzma\u00dfnahmen mit der Marginal Abatement Cost Curve (MACC)<\/strong><\/h3>\n\n\n\n<p>Sobald eine erste Liste m\u00f6glicher Ma\u00dfnahmen vorliegt \u2013 basierend auf Emissions-Hotspots und den identifizierten Hebeln \u2013 folgt die Priorisierung. Ein zentrales Instrument hierf\u00fcr ist die sogenannte <strong>MACC \u2013 Marginal Abatement Cost Curve<\/strong> (auf Deutsch: <em>Kurve der Grenzkosten der Emissionsminderung<\/em>). Sie kombiniert zwei entscheidende Bewertungskriterien:<\/p>\n\n\n\n<ol class=\"wp-block-list\">\n<li><strong>CO\u2082-Wirkung:<\/strong> Wie viel Emissionen spart eine Ma\u00dfnahme pro Jahr?<\/li>\n\n\n\n<li><strong>Kosten:<\/strong> Wie hoch sind die <strong>Nettovermeidungskosten<\/strong> pro vermiedener Tonne CO\u2082 (\u20ac\/tCO\u2082)?<\/li>\n<\/ol>\n\n\n\n<p>Das Ergebnis ist eine Art Ranking-Logik: <em>Welche Ma\u00dfnahmen tragen am st\u00e4rksten zur Zielerreichung bei \u2013 bei m\u00f6glichst geringen Kosten pro vermiedener Tonne CO\u2082?<\/em><\/p>\n\n\n\n<p>Besonders attraktiv f\u00fcr Unternehmen sind Klimaschutzma\u00dfnahmen mit <strong>negativen Vermeidungskosten<\/strong> \u2013 also solche, die nicht nur Emissionen senken, sondern auch Kosten sparen (z.\u202fB. Energieeffizienzma\u00dfnahmen). Diese sollten m\u00f6glichst fr\u00fchzeitig umgesetzt werden.<\/p>\n\n\n\n<p>Mit der MACC k\u00f6nnen Unternehmen <strong>systematisch und datenbasiert<\/strong> Entscheidungen zu Ma\u00dfnahmen treffen. So zeigt sich zum Beispiel h\u00e4ufig, dass eine kleine Gruppe sehr wirksamer Ma\u00dfnahmen bereits einen gro\u00dfen Teil der Emissionsreduktion f\u00fcr das Jahr 2030 abdecken kann \u2013 und das bei einem g\u00fcnstigen Kosten-Nutzen-Verh\u00e4ltnis. Solche Ma\u00dfnahmen lassen sich vergleichsweise einfach durchsetzen \u2013 insbesondere, wenn ein klarer Steuerungs- und Verantwortungsrahmen im Unternehmen etabliert ist.<\/p>\n\n\n\n<figure class=\"wp-block-image size-large\"><img decoding=\"async\" width=\"1024\" height=\"459\" src=\"https:\/\/betterearth.partners\/wp-content\/uploads\/2025\/06\/Net-Zero-Artikel-Grafiken-4-e1750152425590-1024x459.png\" alt=\"Kostenminderungskurve: Handelsunternehmen Beispiel mit Klimaschutzma\u00dfnahmen wie Umstellung auf nachhaltige Verpackungen und Lieferketten-Dekarbonisierung durch Lieferantenbindung\" class=\"wp-image-15588\" srcset=\"https:\/\/betterearth.partners\/wp-content\/uploads\/2025\/06\/Net-Zero-Artikel-Grafiken-4-e1750152425590-1024x459.png 1024w, https:\/\/betterearth.partners\/wp-content\/uploads\/2025\/06\/Net-Zero-Artikel-Grafiken-4-e1750152425590-300x134.png 300w, https:\/\/betterearth.partners\/wp-content\/uploads\/2025\/06\/Net-Zero-Artikel-Grafiken-4-e1750152425590-768x344.png 768w, https:\/\/betterearth.partners\/wp-content\/uploads\/2025\/06\/Net-Zero-Artikel-Grafiken-4-e1750152425590-1536x688.png 1536w, https:\/\/betterearth.partners\/wp-content\/uploads\/2025\/06\/Net-Zero-Artikel-Grafiken-4-e1750152425590-18x8.png 18w, https:\/\/betterearth.partners\/wp-content\/uploads\/2025\/06\/Net-Zero-Artikel-Grafiken-4-e1750152425590.png 1920w\" sizes=\"(max-width: 1024px) 100vw, 1024px\" \/><\/figure>\n\n\n\n<div style=\"height:30px\" aria-hidden=\"true\" class=\"wp-block-spacer\"><\/div>\n\n\n\n<h3 class=\"wp-block-heading\">Die strategische Diskussion zu Dekarbonisierungsma\u00dfnahmen<\/h3>\n\n\n\n<p>Nach der Umsetzung der \u201eLow-Hanging Fruits\u201c beginnt meist die anspruchsvollere Phase: <strong>Wie erreichen wir den verbleibenden Teil des Ziels?<\/strong> Welche weiteren Klimaschutzma\u00dfnahmen nun in den Fokus des Unternehmens r\u00fccken, h\u00e4ngt von mehreren Faktoren ab:<\/p>\n\n\n\n<ul class=\"wp-block-list\">\n<li>Manche Unternehmen entscheiden sich, der <strong>MACC-Logik weiter zu folgen<\/strong> \u2013 auch wenn sp\u00e4tere Ma\u00dfnahmen h\u00f6here Kosten pro Tonne CO\u2082 verursachen.<\/li>\n\n\n\n<li>Andere beziehen <strong>nicht-monet\u00e4re Faktoren<\/strong> ein \u2013 zum Beispiel <strong>Reputationsvorteile<\/strong> oder <strong>regulatorische Erwartungen<\/strong>, die sich nicht direkt in der MACC abbilden lassen, aber strategisch wichtig sind.<\/li>\n\n\n\n<li>Manchmal gibt es auch <strong>Vetos<\/strong>. Eine Ma\u00dfnahme k\u00f6nnte zum Beispiel eine Ver\u00e4nderung erfordern, die das Unternehmen nicht umsetzen m\u00f6chte \u2013 etwa aus kulturellen, markenbezogenen oder operativen Gr\u00fcnden. Dann wird sie einfach nicht realisiert, selbst wenn ihre Wirkung gr\u00f6\u00dfer w\u00e4re als anderer Ma\u00dfnahmen.<\/li>\n\n\n\n<li>Auch der <strong>Zeitaspekt<\/strong> spielt eine Rolle: Manche Technologie sind heute noch teuer oder wenig ausgereift, werden aber bis 2030 oder 2040 deutlich wirtschaftlicher und skalierbarer sein.<\/li>\n<\/ul>\n\n\n\n<div style=\"height:60px\" aria-hidden=\"true\" class=\"wp-block-spacer\"><\/div>\n\n\n\n<h2 class=\"wp-block-heading\">5. Wie werden Klimaschutzma\u00dfnahmen erfolgreich im Unternehmen umgesetzt?<\/h2>\n\n\n\n<p>Die Priorisierung von Ma\u00dfnahmen setzt bereits voraus, dass es eine Form von Nachhaltigkeits-Governance im Unternehmen gibt. Doch der Schritt von der Ideensammlung zur Umsetzung ist ein gro\u00dfer \u2013 und er erfordert <strong>Verantwortung, Ressourcen und klare Prozesse<\/strong>. Ma\u00dfnahmen m\u00fcssen in Strukturen \u00fcberf\u00fchrt, priorisiert, begleitet und nachgehalten werden. Kurz: Sie brauchen ein Zuhause im operativen Alltag.<\/p>\n\n\n\n<div style=\"height:30px\" aria-hidden=\"true\" class=\"wp-block-spacer\"><\/div>\n\n\n\n<h3 class=\"wp-block-heading\">V<strong>erantwortung und Zust\u00e4ndigkeit kl\u00e4ren<\/strong><\/h3>\n\n\n\n<p>Am Anfang jeder Umsetzung steht die Frage: <strong>Wer ist verantwortlich?<\/strong><br>Eine klare Zuordnung von Zust\u00e4ndigkeiten \u2013 idealerweise verkn\u00fcpft mit Entscheidungsbefugnissen und Anreizsystemen \u2013 ist entscheidend, damit Ma\u00dfnahmen nicht im \u201eNiemandsland\u201c landen. Klimaschutz darf kein exklusives Nachhaltigkeitsthema bleiben, sondern muss <strong>funktions\u00fcbergreifend<\/strong> gedacht und getragen werden:<\/p>\n\n\n\n<ul class=\"wp-block-list\">\n<li>Technische Ma\u00dfnahmen: Fachbereiche, Werks- oder Produktionsleitung<\/li>\n\n\n\n<li>Strategische Ma\u00dfnahmen: Gesch\u00e4ftsf\u00fchrung, Nachhaltigkeits- und Finanzteam<\/li>\n\n\n\n<li>Lieferkettenma\u00dfnahmen: Einkauf, Supply Chain Management<\/li>\n\n\n\n<li>Governance und Steuerung: ESG-Gremien, Controlling, HR<\/li>\n<\/ul>\n\n\n\n<p>Hier kann eine <strong>Governance-Karte<\/strong> erstellt werden, die Entscheidungsprozesse grafisch darstellt.<\/p>\n\n\n\n<figure class=\"wp-block-image size-large\"><img decoding=\"async\" width=\"1024\" height=\"576\" src=\"https:\/\/betterearth.partners\/wp-content\/uploads\/2025\/08\/Effektive-Massnahmen-Grafiken-5-1024x576.png\" alt=\"Beispiel f\u00fcr Beziehungen in der Nachhaltigkeits-Governance: Governance-Karte als Grundlage, um Prozesse zu verstehen und Klimama\u00dfnahmen umzusetzen\" class=\"wp-image-15911\" srcset=\"https:\/\/betterearth.partners\/wp-content\/uploads\/2025\/08\/Effektive-Massnahmen-Grafiken-5-1024x576.png 1024w, https:\/\/betterearth.partners\/wp-content\/uploads\/2025\/08\/Effektive-Massnahmen-Grafiken-5-300x169.png 300w, https:\/\/betterearth.partners\/wp-content\/uploads\/2025\/08\/Effektive-Massnahmen-Grafiken-5-768x432.png 768w, https:\/\/betterearth.partners\/wp-content\/uploads\/2025\/08\/Effektive-Massnahmen-Grafiken-5-1536x864.png 1536w, https:\/\/betterearth.partners\/wp-content\/uploads\/2025\/08\/Effektive-Massnahmen-Grafiken-5-18x10.png 18w, https:\/\/betterearth.partners\/wp-content\/uploads\/2025\/08\/Effektive-Massnahmen-Grafiken-5.png 1920w\" sizes=\"(max-width: 1024px) 100vw, 1024px\" \/><\/figure>\n\n\n\n<div style=\"height:30px\" aria-hidden=\"true\" class=\"wp-block-spacer\"><\/div>\n\n\n\n<h3 class=\"wp-block-heading\"><strong>Ressourcen f\u00fcr Klimaschutzma\u00dfnahmen bereitstellen &#8211; finanziell und personell<\/strong><\/h3>\n\n\n\n<p>Auch die besten Ideen scheitern, wenn es an Budget oder Kapazit\u00e4t fehlt. Deshalb ist es wichtig, Ma\u00dfnahmenumsetzung <strong>mit Ressourcen zu hinterlegen<\/strong>:<\/p>\n\n\n\n<ul class=\"wp-block-list\">\n<li><strong>Budgetplanung<\/strong>: \u00dcber CAPEX-\/OPEX-Mittel, Projektbudgets oder Klimat\u00f6pfe<\/li>\n\n\n\n<li><strong>Interner CO\u2082-Preis<\/strong>: Als Lenkungsinstrument und Investitionskriterium<\/li>\n\n\n\n<li><strong>Personalzeit<\/strong>: Freistellungen, Zust\u00e4ndigkeiten, Qualifizierung<\/li>\n\n\n\n<li><strong>Digitalisierung<\/strong>: Tools f\u00fcr Projektmonitoring und Emissionsnachverfolgung<\/li>\n<\/ul>\n\n\n\n<div style=\"height:30px\" aria-hidden=\"true\" class=\"wp-block-spacer\"><\/div>\n\n\n\n<h3 class=\"wp-block-heading\"><strong>Vom Pilot zur Skalierung: der Umsetzungszyklus<\/strong><\/h3>\n\n\n\n<p>Viele Unternehmen gehen nach einem bew\u00e4hrten vierstufigen Modell f\u00fcr Klimaschutzma\u00dfnahmen \u2013 und generell f\u00fcr unternehmerische Ver\u00e4nderungen \u2013 vor:<\/p>\n\n\n\n<ol class=\"wp-block-list\">\n<li><strong>Pilotieren<\/strong>\n<ul class=\"wp-block-list\">\n<li>Kleiner Ma\u00dfstab, begrenzte Risikoumgebung<\/li>\n\n\n\n<li>Ziel: Machbarkeit, Akzeptanz, erste Erfahrungswerte sammeln<\/li>\n<\/ul>\n<\/li>\n\n\n\n<li><strong>Lernen<\/strong>\n<ul class=\"wp-block-list\">\n<li>Auswertung technischer, \u00f6konomischer und organisatorischer Aspekte<\/li>\n\n\n\n<li>Ableitung von Anpassungsbedarf und Erfolgskriterien<\/li>\n<\/ul>\n<\/li>\n\n\n\n<li><strong>Skalieren<\/strong>\n<ul class=\"wp-block-list\">\n<li>Ausweitung auf andere Standorte, Prozesse oder Lieferanten<\/li>\n\n\n\n<li>Integration in Regelprozesse und \u00fcbergreifende Strategien<\/li>\n<\/ul>\n<\/li>\n\n\n\n<li><strong>Verankern<\/strong>\n<ul class=\"wp-block-list\">\n<li>Dauerhafte Institutionalisierung (z.\u202fB. in Richtlinien, Standards, KPIs)<\/li>\n\n\n\n<li>Klima wird Teil des operativen Systems, nicht mehr Projektstatus<\/li>\n<\/ul>\n<\/li>\n<\/ol>\n\n\n\n<div style=\"height:30px\" aria-hidden=\"true\" class=\"wp-block-spacer\"><\/div>\n\n\n\n<h3 class=\"wp-block-heading\"><strong>Klimasteuerung einf\u00fchren<\/strong><\/h3>\n\n\n\n<p>Damit Ma\u00dfnahmen langfristig Wirkung entfalten, brauchen Unternehmen eine <strong>kontinuierliche Steuerung<\/strong>:<\/p>\n\n\n\n<ul class=\"wp-block-list\">\n<li>Welche Ma\u00dfnahmen sind \u201eon track\u201c?<\/li>\n\n\n\n<li>Wo hakt es?<\/li>\n\n\n\n<li>Wie entwickelt sich die Emissionskurve im Vergleich zum Zielpfad?<\/li>\n<\/ul>\n\n\n\n<p>Solche Fragen lassen sich nur beantworten, wenn <strong>Monitoring-, Review- und Feedbackschleifen<\/strong> eingerichtet werden \u2013 technisch gest\u00fctzt, aber auch kulturell verankert. Idealerweise werden Klimama\u00dfnahmen <strong>in denselben Prozessen wie Finanzdaten analysiert<\/strong>, da dies die <strong>Operationalisierung und Integration von Klimadaten<\/strong> wesentlich erleichtert.<\/p>\n\n\n\n<div style=\"height:60px\" aria-hidden=\"true\" class=\"wp-block-spacer\"><\/div>\n\n\n\n<h2 class=\"wp-block-heading\"><strong>6. Wie werden Klimaschutzma\u00dfnahmen im Unternehmen finanziert?<\/strong><\/h2>\n\n\n\n<p>Klimaschutz kann Gelder kosten. Doch er rechnet sich langfristig auch. Die Finanzierung von Klimaschutzma\u00dfnahmen ist daher keine blo\u00dfe Budgetfrage, sondern eine <strong>strategische Investitionsentscheidung<\/strong>. Wer die richtigen Hebel kennt, kann ambitionierte Ma\u00dfnahmen finanzierbar machen \u2013 und langfristig sogar Wettbewerbsvorteile sichern.<\/p>\n\n\n\n<div style=\"height:30px\" aria-hidden=\"true\" class=\"wp-block-spacer\"><\/div>\n\n\n\n<h3 class=\"wp-block-heading\"><strong>Unternehmensinterne Finanzierung (CAPEX &amp; OPEX)<\/strong><\/h3>\n\n\n\n<p>Die klassische Herangehensweise ist die Integration von Ma\u00dfnahmenbudgets in die regul\u00e4re Investitions- und Betriebskostenplanung:<\/p>\n\n\n\n<ul class=\"wp-block-list\">\n<li><strong>CAPEX<\/strong> (Capital Expenditure): z.\u202fB. f\u00fcr neue Maschinen, Infrastruktur, Geb\u00e4udetechnik<\/li>\n\n\n\n<li><strong>OPEX<\/strong> (Operating Expenditure): z.\u202fB. f\u00fcr Schulungen, Energieeinsparprojekte, Betriebskosten von Klimaschutzma\u00dfnahmen<\/li>\n<\/ul>\n\n\n\n<p>Wichtig ist dabei, Klimama\u00dfnahmen nicht nur nach ihren Kosten zu bewerten, sondern auch nach <strong>ihrer Amortisation \u00fcber Energieeinsparungen<\/strong>, <strong>Kostenreduktion<\/strong> und <strong>Risikoabsicherung<\/strong>.<\/p>\n\n\n\n<div style=\"height:30px\" aria-hidden=\"true\" class=\"wp-block-spacer\"><\/div>\n\n\n\n<h3 class=\"wp-block-heading\"><strong>Interner CO\u2082-Preis als Lenkungsmechanismus<\/strong><\/h3>\n\n\n\n<p>Immer mehr Unternehmen f\u00fchren einen <strong>internen CO\u2082-Preis<\/strong> ein \u2013 also eine fiktive CO\u2082-Kostenannahme, die Investitionsentscheidungen lenkt:<\/p>\n\n\n\n<ul class=\"wp-block-list\">\n<li>Klimafreundliche Ma\u00dfnahmen werden im Business Case attraktiver<\/li>\n\n\n\n<li>CO\u2082-intensive Optionen erscheinen teurer \u2013 auch wenn externe CO\u2082-Kosten (noch) nicht greifen<\/li>\n\n\n\n<li>Dadurch lassen sich Priorit\u00e4ten systematisch verschieben \u2013 z.\u202fB. bei der Auswahl von Materialien, Lieferanten oder Produktionswegen<\/li>\n<\/ul>\n\n\n\n<p>Ein interner CO\u2082-Preis bringt Klima und Finanzwelt zusammen \u2013 und macht Klimaschutz <strong>messbar wirtschaftlich relevant<\/strong>.<\/p>\n\n\n\n<div style=\"height:30px\" aria-hidden=\"true\" class=\"wp-block-spacer\"><\/div>\n\n\n\n<h3 class=\"wp-block-heading\"><strong>Langfristige Einsparungen: Klimaschutzma\u00dfnahmen als Business Case<\/strong> <\/h3>\n\n\n\n<p>Viele Ma\u00dfnahmen f\u00fchren mittel- bis langfristig zu <strong>direkten finanziellen Einsparungen<\/strong> \u2013 z.\u202fB. durch:<\/p>\n\n\n\n<ul class=\"wp-block-list\">\n<li>Geringere Energiekosten<\/li>\n\n\n\n<li>Geringere Materialverbr\u00e4uche<\/li>\n\n\n\n<li>Reduzierte regulatorische Risiken (z.\u202fB. CO\u2082-Bepreisung)<\/li>\n\n\n\n<li>St\u00e4rkere Resilienz gegen\u00fcber Preis- und Lieferkettenrisiken<\/li>\n<\/ul>\n\n\n\n<p>Daher ist es sinnvoll, nicht nur Anschaffungskosten, sondern den <strong>gesamten Lebenszyklus<\/strong> der Ma\u00dfnahme zu betrachten \u2013 inklusive R\u00fcckfl\u00fcssen, Nebeneffekten und strategischem Wert.<\/p>\n\n\n\n<div style=\"height:30px\" aria-hidden=\"true\" class=\"wp-block-spacer\"><\/div>\n\n\n\n<h3 class=\"wp-block-heading\"><strong>\u00d6ffentliche F\u00f6rdermittel zur Dekarbonisierungstransformation<\/strong> <strong>nutzen<\/strong><\/h3>\n\n\n\n<p>Bund, L\u00e4nder und EU stellen eine Vielzahl von F\u00f6rderprogrammen bereit, um Unternehmen bei der Transformation zu unterst\u00fctzen. Diese k\u00f6nnen gezielt zur Finanzierung von Klimaschutzma\u00dfnahmen eingesetzt werden:<\/p>\n\n\n\n<p>Die Programme f\u00f6rdern unter anderem <strong>Dekarbonisierung, Energieeffizienz, Innovation<\/strong> und <strong>nachhaltige Transformation<\/strong>. Dazu z\u00e4hlen:<\/p>\n\n\n\n<ul class=\"wp-block-list\">\n<li><strong>Zusch\u00fcsse und Kredite<\/strong> (z.\u202fB. \u00fcber KfW oder BAFA)<\/li>\n\n\n\n<li><strong>Investitionshilfen<\/strong> f\u00fcr klimafreundliche Anlagen, Infrastruktur oder Prozessumstellungen<\/li>\n\n\n\n<li><strong>F\u00f6rderprogramme<\/strong> wie die BEW (Bundesf\u00f6rderung f\u00fcr effiziente W\u00e4rmenetze), die Bundesf\u00f6rderung f\u00fcr Energieeffizienz in der Wirtschaft oder der EU-Innovationsfonds<\/li>\n<\/ul>\n\n\n\n<p>Diese Programme entlasten nicht nur die Unternehmensbilanz, sondern st\u00e4rken auch die interne Entscheidungsf\u00e4higkeit: Selbst Ma\u00dfnahmen mit l\u00e4ngerer Amortisationszeit oder h\u00f6herem Risiko werden durch gezielte F\u00f6rderung schneller genehmigungsf\u00e4hig.<\/p>\n\n\n\n<p><strong>Entscheidend ist eine fr\u00fchzeitige Projektplanung und eine klare F\u00f6rderstrategie<\/strong> \u2013 dabei kann sich externe Unterst\u00fctzung bei Antragstellung und Mittelabruf deutlich auszahlen. Vereinbaren Sie gern einen Termin f\u00fcr eine <a href=\"https:\/\/calendly.com\/philipps-be\/30min\">kostenfreie Erstberatung<\/a> mit uns.<\/p>\n\n\n\n<div style=\"height:60px\" aria-hidden=\"true\" class=\"wp-block-spacer\"><\/div>\n\n\n\n<h2 class=\"wp-block-heading\">7. Fazit<\/h2>\n\n\n\n<p>Klimaschutzma\u00dfnahmen sind das operative Herz jeder unternehmerischen Klimastrategie \u2013 sie verbinden Ziele mit Wirkung. Doch wirkungsvoll wird nur, was gut geplant, priorisiert, finanziert und umgesetzt wird. Wer seine Ma\u00dfnahmen entlang von Emissions-Hotspots, Wirtschaftlichkeit und strategischem Zielpfad ausw\u00e4hlt, legt den Grundstein f\u00fcr echte Transformation.<\/p>\n\n\n\n<p>Nutzen Sie vorhandene Hebel,  insbesondere \u00f6ffentliche F\u00f6rdermittel und schaffen Sie klare Verantwortlichkeiten. Denn vom Reden allein wird kein Ziel erreicht. Jetzt ist der Moment, Ma\u00dfnahmen mutig und strukturiert in die Umsetzung zu bringen.<\/p>\n\n\n\n<div style=\"height:60px\" aria-hidden=\"true\" class=\"wp-block-spacer\"><\/div>\n\n\n\n<h2 class=\"wp-block-heading\">8. <strong>Jetzt vorbereiten, sp\u00e4ter profitieren: Ihre Schulung zur Klimatransitionsplanung<\/strong><\/h2>\n\n\n\n<p>Unsere aktuelle Artikelreihe gibt Ihnen einen kompakten Einblick in die zentralen Themen rund um Klimatransitionspl\u00e4ne, wissenschaftsbasierte Klimaziele und -Ma\u00dfnahmen, und die wichtigsten regulatorischen Anforderungen. Sie bildet gleichzeitig die inhaltliche Basis f\u00fcr die neue Schulungsreihe: <strong><a class=\"\" href=\"https:\/\/www.wirtschaftproklima.de\/veranstaltungen\/fit4esrs-schulungsreihe-klimatransitionsplan\">\u201eFit for ESRS: Klimatransitionsplan verstehen &amp; umsetzen\u201c<\/a><\/strong>.<\/p>\n\n\n\n<p>Die Schulung richtet sich an Entscheidungstr\u00e4ger:innen in Unternehmen, die verstehen: <strong>Wer jetzt nicht handelt, zahlt sp\u00e4ter doppelt \u2013 in Form von Reputationsverlust, Marktbarrieren oder teurer Nachjustierung.<\/strong><\/p>\n\n\n\n<p>Nutzen Sie die Chance, Ihr Unternehmen proaktiv und praxisnah auf die kommenden Offenlegungspflichten und strategischen Herausforderungen vorzubereiten.<\/p>\n\n\n\n<p><strong><a href=\"https:\/\/www.wirtschaftproklima.de\/veranstaltungen\/fit4esrs-schulungsreihe-klimatransitionsplan\">Jetzt Platz sichern und zukunftssicher aufstellen!<\/a><\/strong><\/p>\n\n\n\n<p><\/p>\n\n\n\n<p><\/p>\n","protected":false},"excerpt":{"rendered":"<p>Klimaziele lassen sich nicht durch Absichtserkl\u00e4rungen erreichen \u2013 sondern durch konkrete Ma\u00dfnahmen. Doch was gilt als effektive Ma\u00dfnahme? Und wie w\u00e4hlt man aus, wo man beginnt? In diesem Artikel zeigen wir, wie Unternehmen ihre Klimaschutzma\u00dfnahmen systematisch identifizieren, priorisieren und umsetzen k\u00f6nnen.<\/p>\n","protected":false},"author":8,"featured_media":15875,"comment_status":"open","ping_status":"open","sticky":false,"template":"","format":"standard","meta":{"footnotes":""},"categories":[28],"tags":[29],"class_list":["post-15722","post","type-post","status-publish","format-standard","has-post-thumbnail","hentry","category-better-earth-wegweiser","tag-inhalt"],"yoast_head":"<!-- This site is optimized with the Yoast SEO plugin v26.9 - https:\/\/yoast.com\/product\/yoast-seo-wordpress\/ -->\n<title>Klimaschutzma\u00dfnahmen in Unternehmen: Von der Idee zur Umsetzung - betterearth.partners<\/title>\n<meta name=\"description\" content=\"In diesem Artikel zeigen wir, wie Unternehmen ihre Klimaschutzma\u00dfnahmen systematisch identifizieren, priorisieren und umsetzen k\u00f6nnen.\" \/>\n<meta name=\"robots\" content=\"index, follow, max-snippet:-1, max-image-preview:large, max-video-preview:-1\" \/>\n<link rel=\"canonical\" href=\"https:\/\/betterearth.partners\/de\/wissen\/klimaschutzmassnahmen-in-unternehmen-von-der-idee-zur-umsetzung\/\" \/>\n<meta property=\"og:locale\" content=\"de_DE\" \/>\n<meta property=\"og:type\" content=\"article\" \/>\n<meta property=\"og:title\" content=\"Klimaschutzma\u00dfnahmen in Unternehmen: Von der Idee zur Umsetzung - betterearth.partners\" \/>\n<meta property=\"og:description\" content=\"In diesem Artikel zeigen wir, wie Unternehmen ihre Klimaschutzma\u00dfnahmen systematisch identifizieren, priorisieren und umsetzen k\u00f6nnen.\" \/>\n<meta property=\"og:url\" content=\"https:\/\/betterearth.partners\/de\/wissen\/klimaschutzmassnahmen-in-unternehmen-von-der-idee-zur-umsetzung\/\" \/>\n<meta property=\"og:site_name\" content=\"betterearth.partners\" \/>\n<meta property=\"article:published_time\" content=\"2025-08-06T13:54:59+00:00\" \/>\n<meta property=\"article:modified_time\" content=\"2025-08-06T13:55:00+00:00\" \/>\n<meta property=\"og:image\" content=\"https:\/\/betterearth.partners\/wp-content\/uploads\/2025\/08\/Herunterladen2.jpg\" \/>\n\t<meta property=\"og:image:width\" content=\"1800\" \/>\n\t<meta property=\"og:image:height\" content=\"1200\" \/>\n\t<meta property=\"og:image:type\" content=\"image\/jpeg\" \/>\n<meta name=\"author\" content=\"Better Earth\" \/>\n<meta name=\"twitter:card\" content=\"summary_large_image\" \/>\n<meta name=\"twitter:label1\" content=\"Verfasst von\" \/>\n\t<meta name=\"twitter:data1\" content=\"Better Earth\" \/>\n\t<meta name=\"twitter:label2\" content=\"Gesch\u00e4tzte Lesezeit\" \/>\n\t<meta name=\"twitter:data2\" content=\"15\u00a0Minuten\" \/>\n<script type=\"application\/ld+json\" class=\"yoast-schema-graph\">{\"@context\":\"https:\/\/schema.org\",\"@graph\":[{\"@type\":\"Article\",\"@id\":\"https:\/\/betterearth.partners\/wissen\/klimaschutzmassnahmen-in-unternehmen-von-der-idee-zur-umsetzung\/#article\",\"isPartOf\":{\"@id\":\"https:\/\/betterearth.partners\/wissen\/klimaschutzmassnahmen-in-unternehmen-von-der-idee-zur-umsetzung\/\"},\"author\":{\"name\":\"Better Earth\",\"@id\":\"https:\/\/betterearth.partners\/#\/schema\/person\/8f3c149062a8a281fe8061e960be8d93\"},\"headline\":\"Klimaschutzma\u00dfnahmen in Unternehmen: Von der Idee zur Umsetzung\",\"datePublished\":\"2025-08-06T13:54:59+00:00\",\"dateModified\":\"2025-08-06T13:55:00+00:00\",\"mainEntityOfPage\":{\"@id\":\"https:\/\/betterearth.partners\/wissen\/klimaschutzmassnahmen-in-unternehmen-von-der-idee-zur-umsetzung\/\"},\"wordCount\":2759,\"commentCount\":0,\"publisher\":{\"@id\":\"https:\/\/betterearth.partners\/#organization\"},\"image\":{\"@id\":\"https:\/\/betterearth.partners\/wissen\/klimaschutzmassnahmen-in-unternehmen-von-der-idee-zur-umsetzung\/#primaryimage\"},\"thumbnailUrl\":\"https:\/\/betterearth.partners\/wp-content\/uploads\/2025\/08\/Herunterladen2.jpg\",\"keywords\":[\"inhalt\"],\"articleSection\":[\"Better Earth Wegweiser\"],\"inLanguage\":\"de\",\"potentialAction\":[{\"@type\":\"CommentAction\",\"name\":\"Comment\",\"target\":[\"https:\/\/betterearth.partners\/wissen\/klimaschutzmassnahmen-in-unternehmen-von-der-idee-zur-umsetzung\/#respond\"]}]},{\"@type\":\"WebPage\",\"@id\":\"https:\/\/betterearth.partners\/wissen\/klimaschutzmassnahmen-in-unternehmen-von-der-idee-zur-umsetzung\/\",\"url\":\"https:\/\/betterearth.partners\/wissen\/klimaschutzmassnahmen-in-unternehmen-von-der-idee-zur-umsetzung\/\",\"name\":\"Klimaschutzma\u00dfnahmen in Unternehmen: Von der Idee zur Umsetzung - betterearth.partners\",\"isPartOf\":{\"@id\":\"https:\/\/betterearth.partners\/#website\"},\"primaryImageOfPage\":{\"@id\":\"https:\/\/betterearth.partners\/wissen\/klimaschutzmassnahmen-in-unternehmen-von-der-idee-zur-umsetzung\/#primaryimage\"},\"image\":{\"@id\":\"https:\/\/betterearth.partners\/wissen\/klimaschutzmassnahmen-in-unternehmen-von-der-idee-zur-umsetzung\/#primaryimage\"},\"thumbnailUrl\":\"https:\/\/betterearth.partners\/wp-content\/uploads\/2025\/08\/Herunterladen2.jpg\",\"datePublished\":\"2025-08-06T13:54:59+00:00\",\"dateModified\":\"2025-08-06T13:55:00+00:00\",\"description\":\"In diesem Artikel zeigen wir, wie Unternehmen ihre Klimaschutzma\u00dfnahmen systematisch identifizieren, priorisieren und umsetzen k\u00f6nnen.\",\"breadcrumb\":{\"@id\":\"https:\/\/betterearth.partners\/wissen\/klimaschutzmassnahmen-in-unternehmen-von-der-idee-zur-umsetzung\/#breadcrumb\"},\"inLanguage\":\"de\",\"potentialAction\":[{\"@type\":\"ReadAction\",\"target\":[\"https:\/\/betterearth.partners\/wissen\/klimaschutzmassnahmen-in-unternehmen-von-der-idee-zur-umsetzung\/\"]}]},{\"@type\":\"ImageObject\",\"inLanguage\":\"de\",\"@id\":\"https:\/\/betterearth.partners\/wissen\/klimaschutzmassnahmen-in-unternehmen-von-der-idee-zur-umsetzung\/#primaryimage\",\"url\":\"https:\/\/betterearth.partners\/wp-content\/uploads\/2025\/08\/Herunterladen2.jpg\",\"contentUrl\":\"https:\/\/betterearth.partners\/wp-content\/uploads\/2025\/08\/Herunterladen2.jpg\",\"width\":1800,\"height\":1200},{\"@type\":\"BreadcrumbList\",\"@id\":\"https:\/\/betterearth.partners\/wissen\/klimaschutzmassnahmen-in-unternehmen-von-der-idee-zur-umsetzung\/#breadcrumb\",\"itemListElement\":[{\"@type\":\"ListItem\",\"position\":1,\"name\":\"Startseite\",\"item\":\"https:\/\/betterearth.partners\/\"},{\"@type\":\"ListItem\",\"position\":2,\"name\":\"Klimaschutzma\u00dfnahmen in Unternehmen: Von der Idee zur Umsetzung\"}]},{\"@type\":\"WebSite\",\"@id\":\"https:\/\/betterearth.partners\/#website\",\"url\":\"https:\/\/betterearth.partners\/\",\"name\":\"betterearth.partners\",\"description\":\"Partners for Business Transformation.\",\"publisher\":{\"@id\":\"https:\/\/betterearth.partners\/#organization\"},\"potentialAction\":[{\"@type\":\"SearchAction\",\"target\":{\"@type\":\"EntryPoint\",\"urlTemplate\":\"https:\/\/betterearth.partners\/?s={search_term_string}\"},\"query-input\":{\"@type\":\"PropertyValueSpecification\",\"valueRequired\":true,\"valueName\":\"search_term_string\"}}],\"inLanguage\":\"de\"},{\"@type\":\"Organization\",\"@id\":\"https:\/\/betterearth.partners\/#organization\",\"name\":\"betterearth.partners\",\"url\":\"https:\/\/betterearth.partners\/\",\"logo\":{\"@type\":\"ImageObject\",\"inLanguage\":\"de\",\"@id\":\"https:\/\/betterearth.partners\/#\/schema\/logo\/image\/\",\"url\":\"https:\/\/betterearth.partners\/wp-content\/uploads\/2021\/07\/210728_BE_Finales-Logo-ohne-Claim2.png\",\"contentUrl\":\"https:\/\/betterearth.partners\/wp-content\/uploads\/2021\/07\/210728_BE_Finales-Logo-ohne-Claim2.png\",\"width\":2351,\"height\":565,\"caption\":\"betterearth.partners\"},\"image\":{\"@id\":\"https:\/\/betterearth.partners\/#\/schema\/logo\/image\/\"}},{\"@type\":\"Person\",\"@id\":\"https:\/\/betterearth.partners\/#\/schema\/person\/8f3c149062a8a281fe8061e960be8d93\",\"name\":\"Better Earth\",\"image\":{\"@type\":\"ImageObject\",\"inLanguage\":\"de\",\"@id\":\"https:\/\/betterearth.partners\/#\/schema\/person\/image\/\",\"url\":\"https:\/\/secure.gravatar.com\/avatar\/8634167a4a1a5d0968b11e0bd590f1d00f297a3c16d0ed3fb12294f00f54e011?s=96&d=mm&r=g\",\"contentUrl\":\"https:\/\/secure.gravatar.com\/avatar\/8634167a4a1a5d0968b11e0bd590f1d00f297a3c16d0ed3fb12294f00f54e011?s=96&d=mm&r=g\",\"caption\":\"Better Earth\"}}]}<\/script>\n<!-- \/ Yoast SEO plugin. -->","yoast_head_json":{"title":"Klimaschutzma\u00dfnahmen in Unternehmen: Von der Idee zur Umsetzung - betterearth.partners","description":"In diesem Artikel zeigen wir, wie Unternehmen ihre Klimaschutzma\u00dfnahmen systematisch identifizieren, priorisieren und umsetzen k\u00f6nnen.","robots":{"index":"index","follow":"follow","max-snippet":"max-snippet:-1","max-image-preview":"max-image-preview:large","max-video-preview":"max-video-preview:-1"},"canonical":"https:\/\/betterearth.partners\/de\/wissen\/klimaschutzmassnahmen-in-unternehmen-von-der-idee-zur-umsetzung\/","og_locale":"de_DE","og_type":"article","og_title":"Klimaschutzma\u00dfnahmen in Unternehmen: Von der Idee zur Umsetzung - betterearth.partners","og_description":"In diesem Artikel zeigen wir, wie Unternehmen ihre Klimaschutzma\u00dfnahmen systematisch identifizieren, priorisieren und umsetzen k\u00f6nnen.","og_url":"https:\/\/betterearth.partners\/de\/wissen\/klimaschutzmassnahmen-in-unternehmen-von-der-idee-zur-umsetzung\/","og_site_name":"betterearth.partners","article_published_time":"2025-08-06T13:54:59+00:00","article_modified_time":"2025-08-06T13:55:00+00:00","og_image":[{"width":1800,"height":1200,"url":"https:\/\/betterearth.partners\/wp-content\/uploads\/2025\/08\/Herunterladen2.jpg","type":"image\/jpeg"}],"author":"Better Earth","twitter_card":"summary_large_image","twitter_misc":{"Verfasst von":"Better Earth","Gesch\u00e4tzte Lesezeit":"15\u00a0Minuten"},"schema":{"@context":"https:\/\/schema.org","@graph":[{"@type":"Article","@id":"https:\/\/betterearth.partners\/wissen\/klimaschutzmassnahmen-in-unternehmen-von-der-idee-zur-umsetzung\/#article","isPartOf":{"@id":"https:\/\/betterearth.partners\/wissen\/klimaschutzmassnahmen-in-unternehmen-von-der-idee-zur-umsetzung\/"},"author":{"name":"Better Earth","@id":"https:\/\/betterearth.partners\/#\/schema\/person\/8f3c149062a8a281fe8061e960be8d93"},"headline":"Klimaschutzma\u00dfnahmen in Unternehmen: Von der Idee zur Umsetzung","datePublished":"2025-08-06T13:54:59+00:00","dateModified":"2025-08-06T13:55:00+00:00","mainEntityOfPage":{"@id":"https:\/\/betterearth.partners\/wissen\/klimaschutzmassnahmen-in-unternehmen-von-der-idee-zur-umsetzung\/"},"wordCount":2759,"commentCount":0,"publisher":{"@id":"https:\/\/betterearth.partners\/#organization"},"image":{"@id":"https:\/\/betterearth.partners\/wissen\/klimaschutzmassnahmen-in-unternehmen-von-der-idee-zur-umsetzung\/#primaryimage"},"thumbnailUrl":"https:\/\/betterearth.partners\/wp-content\/uploads\/2025\/08\/Herunterladen2.jpg","keywords":["inhalt"],"articleSection":["Better Earth Wegweiser"],"inLanguage":"de","potentialAction":[{"@type":"CommentAction","name":"Comment","target":["https:\/\/betterearth.partners\/wissen\/klimaschutzmassnahmen-in-unternehmen-von-der-idee-zur-umsetzung\/#respond"]}]},{"@type":"WebPage","@id":"https:\/\/betterearth.partners\/wissen\/klimaschutzmassnahmen-in-unternehmen-von-der-idee-zur-umsetzung\/","url":"https:\/\/betterearth.partners\/wissen\/klimaschutzmassnahmen-in-unternehmen-von-der-idee-zur-umsetzung\/","name":"Klimaschutzma\u00dfnahmen in Unternehmen: Von der Idee zur Umsetzung - betterearth.partners","isPartOf":{"@id":"https:\/\/betterearth.partners\/#website"},"primaryImageOfPage":{"@id":"https:\/\/betterearth.partners\/wissen\/klimaschutzmassnahmen-in-unternehmen-von-der-idee-zur-umsetzung\/#primaryimage"},"image":{"@id":"https:\/\/betterearth.partners\/wissen\/klimaschutzmassnahmen-in-unternehmen-von-der-idee-zur-umsetzung\/#primaryimage"},"thumbnailUrl":"https:\/\/betterearth.partners\/wp-content\/uploads\/2025\/08\/Herunterladen2.jpg","datePublished":"2025-08-06T13:54:59+00:00","dateModified":"2025-08-06T13:55:00+00:00","description":"In diesem Artikel zeigen wir, wie Unternehmen ihre Klimaschutzma\u00dfnahmen systematisch identifizieren, priorisieren und umsetzen k\u00f6nnen.","breadcrumb":{"@id":"https:\/\/betterearth.partners\/wissen\/klimaschutzmassnahmen-in-unternehmen-von-der-idee-zur-umsetzung\/#breadcrumb"},"inLanguage":"de","potentialAction":[{"@type":"ReadAction","target":["https:\/\/betterearth.partners\/wissen\/klimaschutzmassnahmen-in-unternehmen-von-der-idee-zur-umsetzung\/"]}]},{"@type":"ImageObject","inLanguage":"de","@id":"https:\/\/betterearth.partners\/wissen\/klimaschutzmassnahmen-in-unternehmen-von-der-idee-zur-umsetzung\/#primaryimage","url":"https:\/\/betterearth.partners\/wp-content\/uploads\/2025\/08\/Herunterladen2.jpg","contentUrl":"https:\/\/betterearth.partners\/wp-content\/uploads\/2025\/08\/Herunterladen2.jpg","width":1800,"height":1200},{"@type":"BreadcrumbList","@id":"https:\/\/betterearth.partners\/wissen\/klimaschutzmassnahmen-in-unternehmen-von-der-idee-zur-umsetzung\/#breadcrumb","itemListElement":[{"@type":"ListItem","position":1,"name":"Startseite","item":"https:\/\/betterearth.partners\/"},{"@type":"ListItem","position":2,"name":"Klimaschutzma\u00dfnahmen in Unternehmen: Von der Idee zur Umsetzung"}]},{"@type":"WebSite","@id":"https:\/\/betterearth.partners\/#website","url":"https:\/\/betterearth.partners\/","name":"betterearth.partners","description":"Partners for Business Transformation.","publisher":{"@id":"https:\/\/betterearth.partners\/#organization"},"potentialAction":[{"@type":"SearchAction","target":{"@type":"EntryPoint","urlTemplate":"https:\/\/betterearth.partners\/?s={search_term_string}"},"query-input":{"@type":"PropertyValueSpecification","valueRequired":true,"valueName":"search_term_string"}}],"inLanguage":"de"},{"@type":"Organization","@id":"https:\/\/betterearth.partners\/#organization","name":"betterearth.partners","url":"https:\/\/betterearth.partners\/","logo":{"@type":"ImageObject","inLanguage":"de","@id":"https:\/\/betterearth.partners\/#\/schema\/logo\/image\/","url":"https:\/\/betterearth.partners\/wp-content\/uploads\/2021\/07\/210728_BE_Finales-Logo-ohne-Claim2.png","contentUrl":"https:\/\/betterearth.partners\/wp-content\/uploads\/2021\/07\/210728_BE_Finales-Logo-ohne-Claim2.png","width":2351,"height":565,"caption":"betterearth.partners"},"image":{"@id":"https:\/\/betterearth.partners\/#\/schema\/logo\/image\/"}},{"@type":"Person","@id":"https:\/\/betterearth.partners\/#\/schema\/person\/8f3c149062a8a281fe8061e960be8d93","name":"Better Earth","image":{"@type":"ImageObject","inLanguage":"de","@id":"https:\/\/betterearth.partners\/#\/schema\/person\/image\/","url":"https:\/\/secure.gravatar.com\/avatar\/8634167a4a1a5d0968b11e0bd590f1d00f297a3c16d0ed3fb12294f00f54e011?s=96&d=mm&r=g","contentUrl":"https:\/\/secure.gravatar.com\/avatar\/8634167a4a1a5d0968b11e0bd590f1d00f297a3c16d0ed3fb12294f00f54e011?s=96&d=mm&r=g","caption":"Better Earth"}}]}},"_links":{"self":[{"href":"https:\/\/betterearth.partners\/de\/wp-json\/wp\/v2\/posts\/15722","targetHints":{"allow":["GET"]}}],"collection":[{"href":"https:\/\/betterearth.partners\/de\/wp-json\/wp\/v2\/posts"}],"about":[{"href":"https:\/\/betterearth.partners\/de\/wp-json\/wp\/v2\/types\/post"}],"author":[{"embeddable":true,"href":"https:\/\/betterearth.partners\/de\/wp-json\/wp\/v2\/users\/8"}],"replies":[{"embeddable":true,"href":"https:\/\/betterearth.partners\/de\/wp-json\/wp\/v2\/comments?post=15722"}],"version-history":[{"count":9,"href":"https:\/\/betterearth.partners\/de\/wp-json\/wp\/v2\/posts\/15722\/revisions"}],"predecessor-version":[{"id":15913,"href":"https:\/\/betterearth.partners\/de\/wp-json\/wp\/v2\/posts\/15722\/revisions\/15913"}],"wp:featuredmedia":[{"embeddable":true,"href":"https:\/\/betterearth.partners\/de\/wp-json\/wp\/v2\/media\/15875"}],"wp:attachment":[{"href":"https:\/\/betterearth.partners\/de\/wp-json\/wp\/v2\/media?parent=15722"}],"wp:term":[{"taxonomy":"category","embeddable":true,"href":"https:\/\/betterearth.partners\/de\/wp-json\/wp\/v2\/categories?post=15722"},{"taxonomy":"post_tag","embeddable":true,"href":"https:\/\/betterearth.partners\/de\/wp-json\/wp\/v2\/tags?post=15722"}],"curies":[{"name":"wp","href":"https:\/\/api.w.org\/{rel}","templated":true}]}}